{"id":1619,"date":"2026-04-26T13:51:31","date_gmt":"2026-04-26T16:51:31","guid":{"rendered":"https:\/\/leonestvsalta.com\/?p=1619"},"modified":"2026-04-26T13:51:31","modified_gmt":"2026-04-26T16:51:31","slug":"video-gobiernan-solo-para-la-politica-el-duro-analisis-de-virgili-contra-la-ley-de-lemas","status":"publish","type":"post","link":"https:\/\/leonestvsalta.com\/index.php\/2026\/04\/26\/video-gobiernan-solo-para-la-politica-el-duro-analisis-de-virgili-contra-la-ley-de-lemas\/","title":{"rendered":"VIDEO| &#8220;Gobiernan solo para la pol\u00edtica&#8221;, el duro an\u00e1lisis de Virgili contra la Ley de Lemas"},"content":{"rendered":"<p>Tras la media sanci\u00f3n en la C\u00e1mara de Diputados, el referente de La Libertad Avanza, <a href=\"https:\/\/leonestvsalta.com\/?s=Eduardo+Virgili+\"><em><strong>Eduardo Virgili<\/strong><\/em><\/a>, <strong>cuestion\u00f3 con dureza el avance de la <a href=\"https:\/\/leonestvsalta.com\/?s=Ley+de+Lemas+\"><em>Ley de Lemas<\/em><\/a> impulsada por el gobierno de Gustavo S\u00e1enz<\/strong>. El legislador provincial y presidente del partido en Salta fue tajante al afirmar que &#8220;la pol\u00edtica gobierna para la pol\u00edtica&#8221;, denunciando que este sistema electoral est\u00e1 dise\u00f1ado exclusivamente para favorecer la estructura oficialista de intendentes y legisladores, en detrimento de la voluntad real del ciudadano.<\/p>\n<p>El bloque de los nueve diputados de LLA vot\u00f3 de manera org\u00e1nica en contra del proyecto, marcando una postura frontal contra lo que consideran un retroceso en la calidad institucional. Virgili se\u00f1al\u00f3 que lo visto el \u00faltimo martes en la Legislatura salte\u00f1a es la evidencia de una dirigencia que prioriza la &#8220;ingenier\u00eda electoral&#8221; y la sumatoria de votos para mantenerse en el poder, en lugar de proponer soluciones concretas a los problemas de la provincia.<\/p>\n<p>&nbsp;<\/p>\n<blockquote class=\"instagram-media\" style=\"background: #FFF; border: 0; border-radius: 3px; box-shadow: 0 0 1px 0 rgba(0,0,0,0.5),0 1px 10px 0 rgba(0,0,0,0.15); margin: 1px; max-width: 540px; min-width: 326px; padding: 0; width: calc(100% - 2px);\" data-instgrm-captioned=\"\" data-instgrm-permalink=\"https:\/\/www.instagram.com\/reel\/DXkvdnDkYMG\/?utm_source=ig_embed&amp;utm_campaign=loading\" data-instgrm-version=\"14\">\n<div style=\"padding: 16px;\">\n<p>&nbsp;<\/p>\n<div style=\"display: flex; flex-direction: row; align-items: center;\">\n<div style=\"background-color: #f4f4f4; border-radius: 50%; flex-grow: 0; height: 40px; margin-right: 14px; width: 40px;\"><\/div>\n<div style=\"display: flex; flex-direction: column; flex-grow: 1; justify-content: center;\">\n<div style=\"background-color: #f4f4f4; border-radius: 4px; flex-grow: 0; height: 14px; margin-bottom: 6px; width: 100px;\"><\/div>\n<div style=\"background-color: #f4f4f4; border-radius: 4px; flex-grow: 0; height: 14px; width: 60px;\"><\/div>\n<\/div>\n<\/div>\n<div style=\"padding: 19% 0;\"><\/div>\n<div style=\"display: block; height: 50px; margin: 0 auto 12px; width: 50px;\"><\/div>\n<div style=\"padding-top: 8px;\">\n<div style=\"color: #3897f0; font-family: Arial,sans-serif; font-size: 14px; font-style: normal; font-weight: 550; line-height: 18px;\">Ver esta publicaci\u00f3n en Instagram<\/div>\n<\/div>\n<div style=\"padding: 12.5% 0;\"><\/div>\n<div style=\"display: flex; flex-direction: row; margin-bottom: 14px; align-items: center;\">\n<div>\n<div style=\"background-color: #f4f4f4; border-radius: 50%; height: 12.5px; width: 12.5px; transform: translateX(0px) translateY(7px);\"><\/div>\n<div style=\"background-color: #f4f4f4; height: 12.5px; transform: rotate(-45deg) translateX(3px) translateY(1px); width: 12.5px; flex-grow: 0; margin-right: 14px; margin-left: 2px;\"><\/div>\n<div style=\"background-color: #f4f4f4; border-radius: 50%; height: 12.5px; width: 12.5px; transform: translateX(9px) translateY(-18px);\"><\/div>\n<\/div>\n<div style=\"margin-left: 8px;\">\n<div style=\"background-color: #f4f4f4; border-radius: 50%; flex-grow: 0; height: 20px; width: 20px;\"><\/div>\n<div style=\"width: 0; height: 0; border-top: 2px solid transparent; border-left: 6px solid #f4f4f4; border-bottom: 2px solid transparent; transform: translateX(16px) translateY(-4px) rotate(30deg);\"><\/div>\n<\/div>\n<div style=\"margin-left: auto;\">\n<div style=\"width: 0px; border-top: 8px solid #F4F4F4; border-right: 8px solid transparent; transform: translateY(16px);\"><\/div>\n<div style=\"background-color: #f4f4f4; flex-grow: 0; height: 12px; width: 16px; transform: translateY(-4px);\"><\/div>\n<div style=\"width: 0; height: 0; border-top: 8px solid #F4F4F4; border-left: 8px solid transparent; transform: translateY(-4px) translateX(8px);\"><\/div>\n<\/div>\n<\/div>\n<div style=\"display: flex; flex-direction: column; flex-grow: 1; justify-content: center; margin-bottom: 24px;\">\n<div style=\"background-color: #f4f4f4; border-radius: 4px; flex-grow: 0; height: 14px; margin-bottom: 6px; width: 224px;\"><\/div>\n<div style=\"background-color: #f4f4f4; border-radius: 4px; flex-grow: 0; height: 14px; width: 144px;\"><\/div>\n<\/div>\n<p>&nbsp;<\/p>\n<p style=\"color: #c9c8cd; font-family: Arial,sans-serif; font-size: 14px; line-height: 17px; margin-bottom: 0; margin-top: 8px; overflow: hidden; padding: 8px 0 7px; text-align: center; text-overflow: ellipsis; white-space: nowrap;\"><a style=\"color: #c9c8cd; font-family: Arial,sans-serif; font-size: 14px; font-style: normal; font-weight: normal; line-height: 17px; text-decoration: none;\" href=\"https:\/\/www.instagram.com\/reel\/DXkvdnDkYMG\/?utm_source=ig_embed&amp;utm_campaign=loading\" target=\"_blank\" rel=\"noopener\">Una publicaci\u00f3n compartida por Eduardo Jos\u00e9 Virgili (@edujvirgili)<\/a><\/p>\n<\/div>\n<\/blockquote>\n<p><script async src=\"\/\/www.instagram.com\/embed.js\"><\/script><\/p>\n<p>Para el legislador libertario, la Ley de Lemas desvirt\u00faa la representaci\u00f3n democr\u00e1tica y confunde al electorado con una oferta fragmentada que solo beneficia a las c\u00fapulas partidarias. &#8220;Es triste ver c\u00f3mo se legisla para asegurar estructuras pol\u00edticas mientras la sociedad exige transparencia&#8221;, remarc\u00f3 Virgili, posicionando a su partido como el principal opositor a esta medida que busca garantizar la permanencia del esquema saencista.<\/p>\n<p>El an\u00e1lisis advierte que esta reforma electoral aleja definitivamente al votante de sus representantes. Seg\u00fan Virgili, la prioridad del Gobierno de Salta deber\u00eda ser simplificar el sistema y fomentar la idoneidad, pero en su lugar se opt\u00f3 por un modelo que se retroalimenta a s\u00ed mismo. Con este planteo, La Libertad Avanza busca alertar a la comunidad sobre una ley que, seg\u00fan sostienen, solo sirve para proteger los privilegios de la clase pol\u00edtica tradicional.<\/p>\n","protected":false},"excerpt":{"rendered":"<p>Tras la media sanci\u00f3n en la C\u00e1mara de Diputados, el referente de La Libertad Avanza, Eduardo Virgili, cuestion\u00f3 con dureza el avance de la Ley de Lemas impulsada por el gobierno de Gustavo S\u00e1enz. El legislador provincial y presidente del partido en Salta fue tajante al afirmar que &#8220;la pol\u00edtica gobierna para la pol\u00edtica&#8221;, denunciando [&hellip;]<\/p>\n","protected":false},"author":2,"featured_media":1467,"comment_status":"open","ping_status":"closed","sticky":false,"template":"","format":"standard","meta":{"footnotes":""},"categories":[18,11,6],"tags":[],"class_list":["post-1619","post","type-post","status-publish","format-standard","has-post-thumbnail","hentry","category-destacadas","category-politica","category-salta"],"_links":{"self":[{"href":"https:\/\/leonestvsalta.com\/index.php\/wp-json\/wp\/v2\/posts\/1619","targetHints":{"allow":["GET"]}}],"collection":[{"href":"https:\/\/leonestvsalta.com\/index.php\/wp-json\/wp\/v2\/posts"}],"about":[{"href":"https:\/\/leonestvsalta.com\/index.php\/wp-json\/wp\/v2\/types\/post"}],"author":[{"embeddable":true,"href":"https:\/\/leonestvsalta.com\/index.php\/wp-json\/wp\/v2\/users\/2"}],"replies":[{"embeddable":true,"href":"https:\/\/leonestvsalta.com\/index.php\/wp-json\/wp\/v2\/comments?post=1619"}],"version-history":[{"count":1,"href":"https:\/\/leonestvsalta.com\/index.php\/wp-json\/wp\/v2\/posts\/1619\/revisions"}],"predecessor-version":[{"id":1620,"href":"https:\/\/leonestvsalta.com\/index.php\/wp-json\/wp\/v2\/posts\/1619\/revisions\/1620"}],"wp:featuredmedia":[{"embeddable":true,"href":"https:\/\/leonestvsalta.com\/index.php\/wp-json\/wp\/v2\/media\/1467"}],"wp:attachment":[{"href":"https:\/\/leonestvsalta.com\/index.php\/wp-json\/wp\/v2\/media?parent=1619"}],"wp:term":[{"taxonomy":"category","embeddable":true,"href":"https:\/\/leonestvsalta.com\/index.php\/wp-json\/wp\/v2\/categories?post=1619"},{"taxonomy":"post_tag","embeddable":true,"href":"https:\/\/leonestvsalta.com\/index.php\/wp-json\/wp\/v2\/tags?post=1619"}],"curies":[{"name":"wp","href":"https:\/\/api.w.org\/{rel}","templated":true}]}}