{"id":1539,"date":"2026-04-20T19:08:30","date_gmt":"2026-04-20T22:08:30","guid":{"rendered":"https:\/\/leonestvsalta.com\/?p=1539"},"modified":"2026-04-20T19:08:30","modified_gmt":"2026-04-20T22:08:30","slug":"salta-se-moviliza-en-contra-de-la-ley-de-lemas-de-saenz","status":"publish","type":"post","link":"https:\/\/leonestvsalta.com\/index.php\/2026\/04\/20\/salta-se-moviliza-en-contra-de-la-ley-de-lemas-de-saenz\/","title":{"rendered":"Salta se moviliza en contra de la Ley de Lemas de S\u00e1enz"},"content":{"rendered":"<p><strong>Este martes, el pueblo de <a href=\"https:\/\/leonestvsalta.com\/?s=Salta\"><em>Salta<\/em><\/a> se moviliza en contra de la <a href=\"https:\/\/leonestvsalta.com\/?s=Ley+de+Lemas\"><em>Ley de Lemas<\/em><\/a> de Gustavo S\u00e1enz mediante una concentraci\u00f3n masiva frente a la Legislatura provincial<\/strong>. La protesta, organizada por vecinos autoconvocados, busca frenar el tratamiento de un proyecto que pretende reinstaurar un sistema electoral derogado en 2002, denunciando que esta iniciativa de los diputados oficialistas representa un grave retroceso para la transparencia democr\u00e1tica.<\/p>\n<p>La convocatoria ciudadana tendr\u00e1 lugar en la Plaza G\u00fcemes, justo en las puertas del palacio legislativo, donde se espera una fuerte presencia de manifestantes. Los ciudadanos rechazan de forma contundente la reforma electoral propuesta, argumentando que estos mecanismos vulneran la libertad de elecci\u00f3n y el valor real del sufragio, transformando el sistema de votaci\u00f3n en una herramienta de manipulaci\u00f3n pol\u00edtica.<\/p>\n<p><iframe loading=\"lazy\" style=\"border: none; overflow: hidden;\" src=\"https:\/\/www.facebook.com\/plugins\/post.php?href=https%3A%2F%2Fwww.facebook.com%2Fleonestvoficial%2Fposts%2Fpfbid02i3YuBZLrZjTjL6LvrD4omXFw5xrjMqpTiaog7E6knpryMrh5QLFH4kfsbmQgyThrl&amp;show_text=true&amp;width=500\" width=\"500\" height=\"250\" frameborder=\"0\" scrolling=\"no\" allowfullscreen=\"allowfullscreen\"><\/iframe><\/p>\n<p>El escenario actual genera tensi\u00f3n debido a que la Ley de Lemas fue eliminada hace m\u00e1s de dos d\u00e9cadas por consenso legislativo. Los manifestantes acusan al gobernador Gustavo S\u00e1enz y a sus legisladores de intentar imponer un modelo que ya fracas\u00f3 en el pasado, con el \u00fanico fin de asegurar su permanencia en el poder mediante un esquema electoral confuso y cuestionado por la opini\u00f3n p\u00fablica.<\/p>\n<p>Con esta movilizaci\u00f3n, los salte\u00f1os buscan ejercer presi\u00f3n directa sobre los diputados antes del inicio de la sesi\u00f3n. La exigencia es clara: el retiro inmediato del proyecto y el respeto a la institucionalidad vigente, evitando que Salta regrese a pr\u00e1cticas electorales que ya hab\u00edan sido superadas en favor de la claridad y la integridad del voto ciudadano.<\/p>\n","protected":false},"excerpt":{"rendered":"<p>Este martes, el pueblo de Salta se moviliza en contra de la Ley de Lemas de Gustavo S\u00e1enz mediante una concentraci\u00f3n masiva frente a la Legislatura provincial. La protesta, organizada por vecinos autoconvocados, busca frenar el tratamiento de un proyecto que pretende reinstaurar un sistema electoral derogado en 2002, denunciando que esta iniciativa de los [&hellip;]<\/p>\n","protected":false},"author":2,"featured_media":1540,"comment_status":"open","ping_status":"closed","sticky":false,"template":"","format":"standard","meta":{"footnotes":""},"categories":[18,11,6],"tags":[],"class_list":["post-1539","post","type-post","status-publish","format-standard","has-post-thumbnail","hentry","category-destacadas","category-politica","category-salta"],"_links":{"self":[{"href":"https:\/\/leonestvsalta.com\/index.php\/wp-json\/wp\/v2\/posts\/1539","targetHints":{"allow":["GET"]}}],"collection":[{"href":"https:\/\/leonestvsalta.com\/index.php\/wp-json\/wp\/v2\/posts"}],"about":[{"href":"https:\/\/leonestvsalta.com\/index.php\/wp-json\/wp\/v2\/types\/post"}],"author":[{"embeddable":true,"href":"https:\/\/leonestvsalta.com\/index.php\/wp-json\/wp\/v2\/users\/2"}],"replies":[{"embeddable":true,"href":"https:\/\/leonestvsalta.com\/index.php\/wp-json\/wp\/v2\/comments?post=1539"}],"version-history":[{"count":1,"href":"https:\/\/leonestvsalta.com\/index.php\/wp-json\/wp\/v2\/posts\/1539\/revisions"}],"predecessor-version":[{"id":1541,"href":"https:\/\/leonestvsalta.com\/index.php\/wp-json\/wp\/v2\/posts\/1539\/revisions\/1541"}],"wp:featuredmedia":[{"embeddable":true,"href":"https:\/\/leonestvsalta.com\/index.php\/wp-json\/wp\/v2\/media\/1540"}],"wp:attachment":[{"href":"https:\/\/leonestvsalta.com\/index.php\/wp-json\/wp\/v2\/media?parent=1539"}],"wp:term":[{"taxonomy":"category","embeddable":true,"href":"https:\/\/leonestvsalta.com\/index.php\/wp-json\/wp\/v2\/categories?post=1539"},{"taxonomy":"post_tag","embeddable":true,"href":"https:\/\/leonestvsalta.com\/index.php\/wp-json\/wp\/v2\/tags?post=1539"}],"curies":[{"name":"wp","href":"https:\/\/api.w.org\/{rel}","templated":true}]}}